{"id":252,"date":"2017-11-16T11:33:00","date_gmt":"2017-11-16T11:33:00","guid":{"rendered":"https:\/\/www.asociacioninfanciaydesarrollo.com\/noticias\/?p=252"},"modified":"2022-04-19T12:50:58","modified_gmt":"2022-04-19T12:50:58","slug":"dolor-sit-amet-consectetur-adipiscing-elit-praesent-tempor-mi-eget-sapien-eleifend-aliquam","status":"publish","type":"post","link":"https:\/\/www.asociacioninfanciaydesarrollo.com\/noticias\/dolor-sit-amet-consectetur-adipiscing-elit-praesent-tempor-mi-eget-sapien-eleifend-aliquam\/","title":{"rendered":"La revista AKI ZARAGOZA publica un reportaje de la cena ben\u00e9fica de Asociaci\u00f3n infancia y desarrollo"},"content":{"rendered":"<p style=\"text-align: justify;\"><span style=\"font-family: arial, helvetica, sans-serif; font-size: 14pt;\">La revista AKI ZARAGOZA que recoge los acontecimientos m\u00e1s relevantes en Zaragoza, publica en la secci\u00f3n de sociedad de su \u00faltimo n\u00famero de diciembre de 2017 un reportaje de la cena ben\u00e9fica que ASOCIACI\u00d3N INFANCIA Y DESARROLLO celebr\u00f3 el d\u00eda 16 de noviembre de 2017.<\/span><\/p>\n","protected":false},"excerpt":{"rendered":"<p>La revista AKI ZARAGOZA que recoge los acontecimientos m\u00e1s relevantes en Zaragoza, publica en la secci\u00f3n de sociedad de su \u00faltimo n\u00famero de diciembre de 2017 un reportaje de la cena ben\u00e9fica que ASOCIACI\u00d3N INFANCIA Y DESARROLLO celebr\u00f3 el d\u00eda 16 de noviembre de 2017.<\/p>\n","protected":false},"author":1,"featured_media":362,"comment_status":"closed","ping_status":"closed","sticky":false,"template":"","format":"standard","meta":{"neve_meta_sidebar":"","neve_meta_container":"","neve_meta_enable_content_width":"","neve_meta_content_width":0,"neve_meta_title_alignment":"","neve_meta_author_avatar":"off","neve_post_elements_order":"[\"title\",\"meta\",\"content\",\"tags\"]","neve_meta_disable_header":"off","neve_meta_disable_footer":"","neve_meta_disable_title":"","_themeisle_gutenberg_block_has_review":false,"footnotes":""},"categories":[10],"tags":[],"class_list":["post-252","post","type-post","status-publish","format-standard","has-post-thumbnail","hentry","category-noticias"],"yoast_head":"<!-- This site is optimized with the Yoast SEO plugin v18.6 - https:\/\/yoast.com\/wordpress\/plugins\/seo\/ -->\n<title>La revista AKI ZARAGOZA publica un reportaje de la cena ben\u00e9fica de Asociaci\u00f3n infancia y desarrollo - Asociaci\u00f3n Infancia y Desarrollo<\/title>\n<meta name=\"robots\" content=\"index, follow, max-snippet:-1, max-image-preview:large, max-video-preview:-1\" \/>\n<link rel=\"canonical\" href=\"https:\/\/www.asociacioninfanciaydesarrollo.com\/noticias\/dolor-sit-amet-consectetur-adipiscing-elit-praesent-tempor-mi-eget-sapien-eleifend-aliquam\/\" \/>\n<meta property=\"og:locale\" content=\"es_ES\" \/>\n<meta property=\"og:type\" content=\"article\" \/>\n<meta property=\"og:title\" content=\"La revista AKI ZARAGOZA publica un reportaje de la cena ben\u00e9fica de Asociaci\u00f3n infancia y desarrollo - Asociaci\u00f3n Infancia y Desarrollo\" \/>\n<meta property=\"og:description\" content=\"La revista AKI ZARAGOZA que recoge los acontecimientos m\u00e1s relevantes en Zaragoza, publica en la secci\u00f3n de sociedad de su \u00faltimo n\u00famero de diciembre de 2017 un reportaje de la cena ben\u00e9fica que ASOCIACI\u00d3N INFANCIA Y DESARROLLO celebr\u00f3 el d\u00eda 16 de noviembre de 2017.\" \/>\n<meta property=\"og:url\" content=\"https:\/\/www.asociacioninfanciaydesarrollo.com\/noticias\/dolor-sit-amet-consectetur-adipiscing-elit-praesent-tempor-mi-eget-sapien-eleifend-aliquam\/\" \/>\n<meta property=\"og:site_name\" content=\"Asociaci\u00f3n Infancia y Desarrollo\" \/>\n<meta property=\"article:published_time\" content=\"2017-11-16T11:33:00+00:00\" \/>\n<meta property=\"article:modified_time\" content=\"2022-04-19T12:50:58+00:00\" \/>\n<meta property=\"og:image\" content=\"https:\/\/www.asociacioninfanciaydesarrollo.com\/noticias\/wp-content\/uploads\/2022\/04\/AKIZGZ.jpg\" \/>\n\t<meta property=\"og:image:width\" content=\"900\" \/>\n\t<meta property=\"og:image:height\" content=\"600\" \/>\n\t<meta property=\"og:image:type\" content=\"image\/jpeg\" \/>\n<meta name=\"twitter:card\" content=\"summary_large_image\" \/>\n<meta name=\"twitter:label1\" content=\"Escrito por\" \/>\n\t<meta name=\"twitter:data1\" content=\"Asocinfdes\" \/>\n\t<meta name=\"twitter:label2\" content=\"Tiempo de lectura\" \/>\n\t<meta name=\"twitter:data2\" content=\"1 minuto\" \/>\n<script type=\"application\/ld+json\" class=\"yoast-schema-graph\">{\"@context\":\"https:\/\/schema.org\",\"@graph\":[{\"@type\":\"WebSite\",\"@id\":\"https:\/\/www.asociacioninfanciaydesarrollo.com\/noticias\/#website\",\"url\":\"https:\/\/www.asociacioninfanciaydesarrollo.com\/noticias\/\",\"name\":\"Asociaci\u00f3n Infancia y Desarrollo\",\"description\":\"\",\"potentialAction\":[{\"@type\":\"SearchAction\",\"target\":{\"@type\":\"EntryPoint\",\"urlTemplate\":\"https:\/\/www.asociacioninfanciaydesarrollo.com\/noticias\/?s={search_term_string}\"},\"query-input\":\"required name=search_term_string\"}],\"inLanguage\":\"es\"},{\"@type\":\"ImageObject\",\"@id\":\"https:\/\/www.asociacioninfanciaydesarrollo.com\/noticias\/dolor-sit-amet-consectetur-adipiscing-elit-praesent-tempor-mi-eget-sapien-eleifend-aliquam\/#primaryimage\",\"inLanguage\":\"es\",\"url\":\"https:\/\/www.asociacioninfanciaydesarrollo.com\/noticias\/wp-content\/uploads\/2022\/04\/AKIZGZ.jpg\",\"contentUrl\":\"https:\/\/www.asociacioninfanciaydesarrollo.com\/noticias\/wp-content\/uploads\/2022\/04\/AKIZGZ.jpg\",\"width\":900,\"height\":600},{\"@type\":\"WebPage\",\"@id\":\"https:\/\/www.asociacioninfanciaydesarrollo.com\/noticias\/dolor-sit-amet-consectetur-adipiscing-elit-praesent-tempor-mi-eget-sapien-eleifend-aliquam\/#webpage\",\"url\":\"https:\/\/www.asociacioninfanciaydesarrollo.com\/noticias\/dolor-sit-amet-consectetur-adipiscing-elit-praesent-tempor-mi-eget-sapien-eleifend-aliquam\/\",\"name\":\"La revista AKI ZARAGOZA publica un reportaje de la cena ben\u00e9fica de Asociaci\u00f3n infancia y desarrollo - Asociaci\u00f3n Infancia y Desarrollo\",\"isPartOf\":{\"@id\":\"https:\/\/www.asociacioninfanciaydesarrollo.com\/noticias\/#website\"},\"primaryImageOfPage\":{\"@id\":\"https:\/\/www.asociacioninfanciaydesarrollo.com\/noticias\/dolor-sit-amet-consectetur-adipiscing-elit-praesent-tempor-mi-eget-sapien-eleifend-aliquam\/#primaryimage\"},\"datePublished\":\"2017-11-16T11:33:00+00:00\",\"dateModified\":\"2022-04-19T12:50:58+00:00\",\"author\":{\"@id\":\"https:\/\/www.asociacioninfanciaydesarrollo.com\/noticias\/#\/schema\/person\/38cff25f21781c27a45f82d0bcee717b\"},\"breadcrumb\":{\"@id\":\"https:\/\/www.asociacioninfanciaydesarrollo.com\/noticias\/dolor-sit-amet-consectetur-adipiscing-elit-praesent-tempor-mi-eget-sapien-eleifend-aliquam\/#breadcrumb\"},\"inLanguage\":\"es\",\"potentialAction\":[{\"@type\":\"ReadAction\",\"target\":[\"https:\/\/www.asociacioninfanciaydesarrollo.com\/noticias\/dolor-sit-amet-consectetur-adipiscing-elit-praesent-tempor-mi-eget-sapien-eleifend-aliquam\/\"]}]},{\"@type\":\"BreadcrumbList\",\"@id\":\"https:\/\/www.asociacioninfanciaydesarrollo.com\/noticias\/dolor-sit-amet-consectetur-adipiscing-elit-praesent-tempor-mi-eget-sapien-eleifend-aliquam\/#breadcrumb\",\"itemListElement\":[{\"@type\":\"ListItem\",\"position\":1,\"name\":\"Portada\",\"item\":\"https:\/\/www.asociacioninfanciaydesarrollo.com\/noticias\/\"},{\"@type\":\"ListItem\",\"position\":2,\"name\":\"La revista AKI ZARAGOZA publica un reportaje de la cena ben\u00e9fica de Asociaci\u00f3n infancia y desarrollo\"}]},{\"@type\":\"Person\",\"@id\":\"https:\/\/www.asociacioninfanciaydesarrollo.com\/noticias\/#\/schema\/person\/38cff25f21781c27a45f82d0bcee717b\",\"name\":\"Asocinfdes\",\"image\":{\"@type\":\"ImageObject\",\"@id\":\"https:\/\/www.asociacioninfanciaydesarrollo.com\/noticias\/#personlogo\",\"inLanguage\":\"es\",\"url\":\"https:\/\/secure.gravatar.com\/avatar\/9f333581f8a146973ad89189215882dc4cd2f764a22ca8d77902e8e45045acc8?s=96&d=mm&r=g\",\"contentUrl\":\"https:\/\/secure.gravatar.com\/avatar\/9f333581f8a146973ad89189215882dc4cd2f764a22ca8d77902e8e45045acc8?s=96&d=mm&r=g\",\"caption\":\"Asocinfdes\"},\"sameAs\":[\"https:\/\/www.asociacioninfanciaydesarrollo.com\/noticias\"],\"url\":\"https:\/\/www.asociacioninfanciaydesarrollo.com\/noticias\/author\/asocinfdes\/\"}]}<\/script>\n<!-- \/ Yoast SEO plugin. -->","yoast_head_json":{"title":"La revista AKI ZARAGOZA publica un reportaje de la cena ben\u00e9fica de Asociaci\u00f3n infancia y desarrollo - Asociaci\u00f3n Infancia y Desarrollo","robots":{"index":"index","follow":"follow","max-snippet":"max-snippet:-1","max-image-preview":"max-image-preview:large","max-video-preview":"max-video-preview:-1"},"canonical":"https:\/\/www.asociacioninfanciaydesarrollo.com\/noticias\/dolor-sit-amet-consectetur-adipiscing-elit-praesent-tempor-mi-eget-sapien-eleifend-aliquam\/","og_locale":"es_ES","og_type":"article","og_title":"La revista AKI ZARAGOZA publica un reportaje de la cena ben\u00e9fica de Asociaci\u00f3n infancia y desarrollo - Asociaci\u00f3n Infancia y Desarrollo","og_description":"La revista AKI ZARAGOZA que recoge los acontecimientos m\u00e1s relevantes en Zaragoza, publica en la secci\u00f3n de sociedad de su \u00faltimo n\u00famero de diciembre de 2017 un reportaje de la cena ben\u00e9fica que ASOCIACI\u00d3N INFANCIA Y DESARROLLO celebr\u00f3 el d\u00eda 16 de noviembre de 2017.","og_url":"https:\/\/www.asociacioninfanciaydesarrollo.com\/noticias\/dolor-sit-amet-consectetur-adipiscing-elit-praesent-tempor-mi-eget-sapien-eleifend-aliquam\/","og_site_name":"Asociaci\u00f3n Infancia y Desarrollo","article_published_time":"2017-11-16T11:33:00+00:00","article_modified_time":"2022-04-19T12:50:58+00:00","og_image":[{"width":900,"height":600,"url":"https:\/\/www.asociacioninfanciaydesarrollo.com\/noticias\/wp-content\/uploads\/2022\/04\/AKIZGZ.jpg","type":"image\/jpeg"}],"twitter_card":"summary_large_image","twitter_misc":{"Escrito por":"Asocinfdes","Tiempo de lectura":"1 minuto"},"schema":{"@context":"https:\/\/schema.org","@graph":[{"@type":"WebSite","@id":"https:\/\/www.asociacioninfanciaydesarrollo.com\/noticias\/#website","url":"https:\/\/www.asociacioninfanciaydesarrollo.com\/noticias\/","name":"Asociaci\u00f3n Infancia y Desarrollo","description":"","potentialAction":[{"@type":"SearchAction","target":{"@type":"EntryPoint","urlTemplate":"https:\/\/www.asociacioninfanciaydesarrollo.com\/noticias\/?s={search_term_string}"},"query-input":"required name=search_term_string"}],"inLanguage":"es"},{"@type":"ImageObject","@id":"https:\/\/www.asociacioninfanciaydesarrollo.com\/noticias\/dolor-sit-amet-consectetur-adipiscing-elit-praesent-tempor-mi-eget-sapien-eleifend-aliquam\/#primaryimage","inLanguage":"es","url":"https:\/\/www.asociacioninfanciaydesarrollo.com\/noticias\/wp-content\/uploads\/2022\/04\/AKIZGZ.jpg","contentUrl":"https:\/\/www.asociacioninfanciaydesarrollo.com\/noticias\/wp-content\/uploads\/2022\/04\/AKIZGZ.jpg","width":900,"height":600},{"@type":"WebPage","@id":"https:\/\/www.asociacioninfanciaydesarrollo.com\/noticias\/dolor-sit-amet-consectetur-adipiscing-elit-praesent-tempor-mi-eget-sapien-eleifend-aliquam\/#webpage","url":"https:\/\/www.asociacioninfanciaydesarrollo.com\/noticias\/dolor-sit-amet-consectetur-adipiscing-elit-praesent-tempor-mi-eget-sapien-eleifend-aliquam\/","name":"La revista AKI ZARAGOZA publica un reportaje de la cena ben\u00e9fica de Asociaci\u00f3n infancia y desarrollo - Asociaci\u00f3n Infancia y Desarrollo","isPartOf":{"@id":"https:\/\/www.asociacioninfanciaydesarrollo.com\/noticias\/#website"},"primaryImageOfPage":{"@id":"https:\/\/www.asociacioninfanciaydesarrollo.com\/noticias\/dolor-sit-amet-consectetur-adipiscing-elit-praesent-tempor-mi-eget-sapien-eleifend-aliquam\/#primaryimage"},"datePublished":"2017-11-16T11:33:00+00:00","dateModified":"2022-04-19T12:50:58+00:00","author":{"@id":"https:\/\/www.asociacioninfanciaydesarrollo.com\/noticias\/#\/schema\/person\/38cff25f21781c27a45f82d0bcee717b"},"breadcrumb":{"@id":"https:\/\/www.asociacioninfanciaydesarrollo.com\/noticias\/dolor-sit-amet-consectetur-adipiscing-elit-praesent-tempor-mi-eget-sapien-eleifend-aliquam\/#breadcrumb"},"inLanguage":"es","potentialAction":[{"@type":"ReadAction","target":["https:\/\/www.asociacioninfanciaydesarrollo.com\/noticias\/dolor-sit-amet-consectetur-adipiscing-elit-praesent-tempor-mi-eget-sapien-eleifend-aliquam\/"]}]},{"@type":"BreadcrumbList","@id":"https:\/\/www.asociacioninfanciaydesarrollo.com\/noticias\/dolor-sit-amet-consectetur-adipiscing-elit-praesent-tempor-mi-eget-sapien-eleifend-aliquam\/#breadcrumb","itemListElement":[{"@type":"ListItem","position":1,"name":"Portada","item":"https:\/\/www.asociacioninfanciaydesarrollo.com\/noticias\/"},{"@type":"ListItem","position":2,"name":"La revista AKI ZARAGOZA publica un reportaje de la cena ben\u00e9fica de Asociaci\u00f3n infancia y desarrollo"}]},{"@type":"Person","@id":"https:\/\/www.asociacioninfanciaydesarrollo.com\/noticias\/#\/schema\/person\/38cff25f21781c27a45f82d0bcee717b","name":"Asocinfdes","image":{"@type":"ImageObject","@id":"https:\/\/www.asociacioninfanciaydesarrollo.com\/noticias\/#personlogo","inLanguage":"es","url":"https:\/\/secure.gravatar.com\/avatar\/9f333581f8a146973ad89189215882dc4cd2f764a22ca8d77902e8e45045acc8?s=96&d=mm&r=g","contentUrl":"https:\/\/secure.gravatar.com\/avatar\/9f333581f8a146973ad89189215882dc4cd2f764a22ca8d77902e8e45045acc8?s=96&d=mm&r=g","caption":"Asocinfdes"},"sameAs":["https:\/\/www.asociacioninfanciaydesarrollo.com\/noticias"],"url":"https:\/\/www.asociacioninfanciaydesarrollo.com\/noticias\/author\/asocinfdes\/"}]}},"uagb_featured_image_src":{"full":["https:\/\/www.asociacioninfanciaydesarrollo.com\/noticias\/wp-content\/uploads\/2022\/04\/AKIZGZ.jpg",900,600,false],"thumbnail":["https:\/\/www.asociacioninfanciaydesarrollo.com\/noticias\/wp-content\/uploads\/2022\/04\/AKIZGZ-150x150.jpg",150,150,true],"medium":["https:\/\/www.asociacioninfanciaydesarrollo.com\/noticias\/wp-content\/uploads\/2022\/04\/AKIZGZ-300x200.jpg",300,200,true],"medium_large":["https:\/\/www.asociacioninfanciaydesarrollo.com\/noticias\/wp-content\/uploads\/2022\/04\/AKIZGZ-768x512.jpg",768,512,true],"large":["https:\/\/www.asociacioninfanciaydesarrollo.com\/noticias\/wp-content\/uploads\/2022\/04\/AKIZGZ.jpg",900,600,false],"1536x1536":["https:\/\/www.asociacioninfanciaydesarrollo.com\/noticias\/wp-content\/uploads\/2022\/04\/AKIZGZ.jpg",900,600,false],"2048x2048":["https:\/\/www.asociacioninfanciaydesarrollo.com\/noticias\/wp-content\/uploads\/2022\/04\/AKIZGZ.jpg",900,600,false],"neve-blog":["https:\/\/www.asociacioninfanciaydesarrollo.com\/noticias\/wp-content\/uploads\/2022\/04\/AKIZGZ.jpg",900,600,false],"sow-carousel-default":["https:\/\/www.asociacioninfanciaydesarrollo.com\/noticias\/wp-content\/uploads\/2022\/04\/AKIZGZ-272x182.jpg",272,182,true]},"uagb_author_info":{"display_name":"Asocinfdes","author_link":"https:\/\/www.asociacioninfanciaydesarrollo.com\/noticias\/author\/asocinfdes\/"},"uagb_comment_info":0,"uagb_excerpt":"La revista AKI ZARAGOZA que recoge los acontecimientos m\u00e1s relevantes en Zaragoza, publica en la secci\u00f3n de sociedad de su \u00faltimo n\u00famero de diciembre de 2017 un reportaje de la cena ben\u00e9fica que ASOCIACI\u00d3N INFANCIA Y DESARROLLO celebr\u00f3 el d\u00eda 16 de noviembre de 2017.","_links":{"self":[{"href":"https:\/\/www.asociacioninfanciaydesarrollo.com\/noticias\/wp-json\/wp\/v2\/posts\/252","targetHints":{"allow":["GET"]}}],"collection":[{"href":"https:\/\/www.asociacioninfanciaydesarrollo.com\/noticias\/wp-json\/wp\/v2\/posts"}],"about":[{"href":"https:\/\/www.asociacioninfanciaydesarrollo.com\/noticias\/wp-json\/wp\/v2\/types\/post"}],"author":[{"embeddable":true,"href":"https:\/\/www.asociacioninfanciaydesarrollo.com\/noticias\/wp-json\/wp\/v2\/users\/1"}],"replies":[{"embeddable":true,"href":"https:\/\/www.asociacioninfanciaydesarrollo.com\/noticias\/wp-json\/wp\/v2\/comments?post=252"}],"version-history":[{"count":9,"href":"https:\/\/www.asociacioninfanciaydesarrollo.com\/noticias\/wp-json\/wp\/v2\/posts\/252\/revisions"}],"predecessor-version":[{"id":368,"href":"https:\/\/www.asociacioninfanciaydesarrollo.com\/noticias\/wp-json\/wp\/v2\/posts\/252\/revisions\/368"}],"wp:featuredmedia":[{"embeddable":true,"href":"https:\/\/www.asociacioninfanciaydesarrollo.com\/noticias\/wp-json\/wp\/v2\/media\/362"}],"wp:attachment":[{"href":"https:\/\/www.asociacioninfanciaydesarrollo.com\/noticias\/wp-json\/wp\/v2\/media?parent=252"}],"wp:term":[{"taxonomy":"category","embeddable":true,"href":"https:\/\/www.asociacioninfanciaydesarrollo.com\/noticias\/wp-json\/wp\/v2\/categories?post=252"},{"taxonomy":"post_tag","embeddable":true,"href":"https:\/\/www.asociacioninfanciaydesarrollo.com\/noticias\/wp-json\/wp\/v2\/tags?post=252"}],"curies":[{"name":"wp","href":"https:\/\/api.w.org\/{rel}","templated":true}]}}