{"id":219,"date":"2022-04-07T08:54:12","date_gmt":"2022-04-07T08:54:12","guid":{"rendered":"https:\/\/www.asociacioninfanciaydesarrollo.com\/noticias\/?p=219"},"modified":"2022-04-08T10:32:53","modified_gmt":"2022-04-08T10:32:53","slug":"el-dia-despues-para-los-refugiados-ucranianos-muchos-no-tendran-adonde-volver-sus-casas-fueron-bombardeadas","status":"publish","type":"post","link":"https:\/\/www.asociacioninfanciaydesarrollo.com\/noticias\/el-dia-despues-para-los-refugiados-ucranianos-muchos-no-tendran-adonde-volver-sus-casas-fueron-bombardeadas\/","title":{"rendered":"El d\u00eda despu\u00e9s para los refugiados ucranianos: \u00abMuchos no tendr\u00e1n adonde volver. Sus casas fueron bombardeadas\u00bb"},"content":{"rendered":"\n<h1 class=\"wp-block-heading\" style=\"font-style:normal;font-weight:700\">H1 <strong>orem ipsum dolor sit amet, consectetur adipiscing elit. <\/strong><\/h1>\n\n\n\n<h2 class=\"wp-block-heading\">H2 <strong>orem ipsum dolor sit amet, consectetur adipiscing elit. <\/strong><\/h2>\n\n\n\n<h3 class=\"wp-block-heading\">H3 <strong>orem ipsum dolor sit amet, consectetur adipiscing elit. <\/strong>.<\/h3>\n\n\n\n<h4 class=\"wp-block-heading\">H4 <strong>orem ipsum dolor sit amet, consectetur adipiscing elit. <\/strong>.<\/h4>\n\n\n\n<h5 class=\"wp-block-heading\">H5 <strong>orem ipsum dolor sit amet, consectetur adipiscing elit. <\/strong><\/h5>\n\n\n\n<h6 class=\"wp-block-heading\">H6 orem ipsum dolor sit amet, consectetur adipiscing elit. <\/h6>\n\n\n\n<div class=\"wp-block-buttons is-layout-flex wp-block-buttons-is-layout-flex\">\n<div class=\"wp-block-button is-style-default animated bounceIn\"><a class=\"wp-block-button__link has-nv-c-2-background-color has-background\" href=\"https:\/\/www.20minutos.es\/noticia\/4977310\/0\/dia-despues-refugiados-ucranianos-muchos-no-tendran-adonde-volver-sus-casas-fueron-bombardeadas\/#:~:text=%22La%20gente%20quisiera%20volver%20cuando,de%20las%20hijas%20de%20Ihor.\" target=\"_blank\" rel=\"noreferrer noopener\">Leer m\u00e1s<\/a><\/div>\n<\/div>\n","protected":false},"excerpt":{"rendered":"<p>H1 orem ipsum dolor sit amet, consectetur adipiscing elit. H2 orem ipsum dolor sit amet, consectetur adipiscing elit. H3 orem ipsum dolor sit amet, consectetur adipiscing elit. . H4 orem ipsum dolor sit amet, consectetur adipiscing elit. . H5 orem ipsum dolor sit amet, consectetur adipiscing elit. H6 orem ipsum dolor sit amet, consectetur adipiscing&hellip;&nbsp;<a href=\"https:\/\/www.asociacioninfanciaydesarrollo.com\/noticias\/el-dia-despues-para-los-refugiados-ucranianos-muchos-no-tendran-adonde-volver-sus-casas-fueron-bombardeadas\/\" class=\"\" rel=\"bookmark\">Leer m\u00e1s &raquo;<span class=\"screen-reader-text\">El d\u00eda despu\u00e9s para los refugiados ucranianos: \u00abMuchos no tendr\u00e1n adonde volver. Sus casas fueron bombardeadas\u00bb<\/span><\/a><\/p>\n","protected":false},"author":1,"featured_media":220,"comment_status":"closed","ping_status":"closed","sticky":false,"template":"","format":"standard","meta":{"neve_meta_sidebar":"","neve_meta_container":"","neve_meta_enable_content_width":"","neve_meta_content_width":0,"neve_meta_title_alignment":"","neve_meta_author_avatar":"","neve_post_elements_order":"","neve_meta_disable_header":"","neve_meta_disable_footer":"","neve_meta_disable_title":"","_themeisle_gutenberg_block_has_review":false,"footnotes":""},"categories":[10],"tags":[],"class_list":["post-219","post","type-post","status-publish","format-standard","has-post-thumbnail","hentry","category-noticias"],"yoast_head":"<!-- This site is optimized with the Yoast SEO plugin v18.6 - https:\/\/yoast.com\/wordpress\/plugins\/seo\/ -->\n<title>El d\u00eda despu\u00e9s para los refugiados ucranianos: &quot;Muchos no tendr\u00e1n adonde volver. Sus casas fueron bombardeadas&quot; - Asociaci\u00f3n Infancia y Desarrollo<\/title>\n<meta name=\"robots\" content=\"index, follow, max-snippet:-1, max-image-preview:large, max-video-preview:-1\" \/>\n<link rel=\"canonical\" href=\"https:\/\/www.asociacioninfanciaydesarrollo.com\/noticias\/el-dia-despues-para-los-refugiados-ucranianos-muchos-no-tendran-adonde-volver-sus-casas-fueron-bombardeadas\/\" \/>\n<meta property=\"og:locale\" content=\"es_ES\" \/>\n<meta property=\"og:type\" content=\"article\" \/>\n<meta property=\"og:title\" content=\"El d\u00eda despu\u00e9s para los refugiados ucranianos: &quot;Muchos no tendr\u00e1n adonde volver. Sus casas fueron bombardeadas&quot; - Asociaci\u00f3n Infancia y Desarrollo\" \/>\n<meta property=\"og:description\" content=\"H1 orem ipsum dolor sit amet, consectetur adipiscing elit. H2 orem ipsum dolor sit amet, consectetur adipiscing elit. H3 orem ipsum dolor sit amet, consectetur adipiscing elit. . H4 orem ipsum dolor sit amet, consectetur adipiscing elit. . H5 orem ipsum dolor sit amet, consectetur adipiscing elit. H6 orem ipsum dolor sit amet, consectetur adipiscing&hellip;&nbsp;Leer m\u00e1s &raquo;El d\u00eda despu\u00e9s para los refugiados ucranianos: \u00abMuchos no tendr\u00e1n adonde volver. Sus casas fueron bombardeadas\u00bb\" \/>\n<meta property=\"og:url\" content=\"https:\/\/www.asociacioninfanciaydesarrollo.com\/noticias\/el-dia-despues-para-los-refugiados-ucranianos-muchos-no-tendran-adonde-volver-sus-casas-fueron-bombardeadas\/\" \/>\n<meta property=\"og:site_name\" content=\"Asociaci\u00f3n Infancia y Desarrollo\" \/>\n<meta property=\"article:published_time\" content=\"2022-04-07T08:54:12+00:00\" \/>\n<meta property=\"article:modified_time\" content=\"2022-04-08T10:32:53+00:00\" \/>\n<meta property=\"og:image\" content=\"https:\/\/www.asociacioninfanciaydesarrollo.com\/noticias\/wp-content\/uploads\/2022\/04\/vuelve-el-convoy-de-refugiados-ucranianos.jpg\" \/>\n\t<meta property=\"og:image:width\" content=\"656\" \/>\n\t<meta property=\"og:image:height\" content=\"370\" \/>\n\t<meta property=\"og:image:type\" content=\"image\/jpeg\" \/>\n<meta name=\"twitter:card\" content=\"summary_large_image\" \/>\n<meta name=\"twitter:label1\" content=\"Escrito por\" \/>\n\t<meta name=\"twitter:data1\" content=\"Asocinfdes\" \/>\n\t<meta name=\"twitter:label2\" content=\"Tiempo de lectura\" \/>\n\t<meta name=\"twitter:data2\" content=\"1 minuto\" \/>\n<script type=\"application\/ld+json\" class=\"yoast-schema-graph\">{\"@context\":\"https:\/\/schema.org\",\"@graph\":[{\"@type\":\"WebSite\",\"@id\":\"https:\/\/www.asociacioninfanciaydesarrollo.com\/noticias\/#website\",\"url\":\"https:\/\/www.asociacioninfanciaydesarrollo.com\/noticias\/\",\"name\":\"Asociaci\u00f3n Infancia y Desarrollo\",\"description\":\"\",\"potentialAction\":[{\"@type\":\"SearchAction\",\"target\":{\"@type\":\"EntryPoint\",\"urlTemplate\":\"https:\/\/www.asociacioninfanciaydesarrollo.com\/noticias\/?s={search_term_string}\"},\"query-input\":\"required name=search_term_string\"}],\"inLanguage\":\"es\"},{\"@type\":\"ImageObject\",\"@id\":\"https:\/\/www.asociacioninfanciaydesarrollo.com\/noticias\/el-dia-despues-para-los-refugiados-ucranianos-muchos-no-tendran-adonde-volver-sus-casas-fueron-bombardeadas\/#primaryimage\",\"inLanguage\":\"es\",\"url\":\"https:\/\/www.asociacioninfanciaydesarrollo.com\/noticias\/wp-content\/uploads\/2022\/04\/vuelve-el-convoy-de-refugiados-ucranianos.jpg\",\"contentUrl\":\"https:\/\/www.asociacioninfanciaydesarrollo.com\/noticias\/wp-content\/uploads\/2022\/04\/vuelve-el-convoy-de-refugiados-ucranianos.jpg\",\"width\":656,\"height\":370},{\"@type\":\"WebPage\",\"@id\":\"https:\/\/www.asociacioninfanciaydesarrollo.com\/noticias\/el-dia-despues-para-los-refugiados-ucranianos-muchos-no-tendran-adonde-volver-sus-casas-fueron-bombardeadas\/#webpage\",\"url\":\"https:\/\/www.asociacioninfanciaydesarrollo.com\/noticias\/el-dia-despues-para-los-refugiados-ucranianos-muchos-no-tendran-adonde-volver-sus-casas-fueron-bombardeadas\/\",\"name\":\"El d\u00eda despu\u00e9s para los refugiados ucranianos: \\\"Muchos no tendr\u00e1n adonde volver. Sus casas fueron bombardeadas\\\" - Asociaci\u00f3n Infancia y Desarrollo\",\"isPartOf\":{\"@id\":\"https:\/\/www.asociacioninfanciaydesarrollo.com\/noticias\/#website\"},\"primaryImageOfPage\":{\"@id\":\"https:\/\/www.asociacioninfanciaydesarrollo.com\/noticias\/el-dia-despues-para-los-refugiados-ucranianos-muchos-no-tendran-adonde-volver-sus-casas-fueron-bombardeadas\/#primaryimage\"},\"datePublished\":\"2022-04-07T08:54:12+00:00\",\"dateModified\":\"2022-04-08T10:32:53+00:00\",\"author\":{\"@id\":\"https:\/\/www.asociacioninfanciaydesarrollo.com\/noticias\/#\/schema\/person\/38cff25f21781c27a45f82d0bcee717b\"},\"breadcrumb\":{\"@id\":\"https:\/\/www.asociacioninfanciaydesarrollo.com\/noticias\/el-dia-despues-para-los-refugiados-ucranianos-muchos-no-tendran-adonde-volver-sus-casas-fueron-bombardeadas\/#breadcrumb\"},\"inLanguage\":\"es\",\"potentialAction\":[{\"@type\":\"ReadAction\",\"target\":[\"https:\/\/www.asociacioninfanciaydesarrollo.com\/noticias\/el-dia-despues-para-los-refugiados-ucranianos-muchos-no-tendran-adonde-volver-sus-casas-fueron-bombardeadas\/\"]}]},{\"@type\":\"BreadcrumbList\",\"@id\":\"https:\/\/www.asociacioninfanciaydesarrollo.com\/noticias\/el-dia-despues-para-los-refugiados-ucranianos-muchos-no-tendran-adonde-volver-sus-casas-fueron-bombardeadas\/#breadcrumb\",\"itemListElement\":[{\"@type\":\"ListItem\",\"position\":1,\"name\":\"Portada\",\"item\":\"https:\/\/www.asociacioninfanciaydesarrollo.com\/noticias\/\"},{\"@type\":\"ListItem\",\"position\":2,\"name\":\"El d\u00eda despu\u00e9s para los refugiados ucranianos: \u00abMuchos no tendr\u00e1n adonde volver. Sus casas fueron bombardeadas\u00bb\"}]},{\"@type\":\"Person\",\"@id\":\"https:\/\/www.asociacioninfanciaydesarrollo.com\/noticias\/#\/schema\/person\/38cff25f21781c27a45f82d0bcee717b\",\"name\":\"Asocinfdes\",\"image\":{\"@type\":\"ImageObject\",\"@id\":\"https:\/\/www.asociacioninfanciaydesarrollo.com\/noticias\/#personlogo\",\"inLanguage\":\"es\",\"url\":\"https:\/\/secure.gravatar.com\/avatar\/9f333581f8a146973ad89189215882dc4cd2f764a22ca8d77902e8e45045acc8?s=96&d=mm&r=g\",\"contentUrl\":\"https:\/\/secure.gravatar.com\/avatar\/9f333581f8a146973ad89189215882dc4cd2f764a22ca8d77902e8e45045acc8?s=96&d=mm&r=g\",\"caption\":\"Asocinfdes\"},\"sameAs\":[\"https:\/\/www.asociacioninfanciaydesarrollo.com\/noticias\"],\"url\":\"https:\/\/www.asociacioninfanciaydesarrollo.com\/noticias\/author\/asocinfdes\/\"}]}<\/script>\n<!-- \/ Yoast SEO plugin. -->","yoast_head_json":{"title":"El d\u00eda despu\u00e9s para los refugiados ucranianos: \"Muchos no tendr\u00e1n adonde volver. Sus casas fueron bombardeadas\" - Asociaci\u00f3n Infancia y Desarrollo","robots":{"index":"index","follow":"follow","max-snippet":"max-snippet:-1","max-image-preview":"max-image-preview:large","max-video-preview":"max-video-preview:-1"},"canonical":"https:\/\/www.asociacioninfanciaydesarrollo.com\/noticias\/el-dia-despues-para-los-refugiados-ucranianos-muchos-no-tendran-adonde-volver-sus-casas-fueron-bombardeadas\/","og_locale":"es_ES","og_type":"article","og_title":"El d\u00eda despu\u00e9s para los refugiados ucranianos: \"Muchos no tendr\u00e1n adonde volver. Sus casas fueron bombardeadas\" - Asociaci\u00f3n Infancia y Desarrollo","og_description":"H1 orem ipsum dolor sit amet, consectetur adipiscing elit. H2 orem ipsum dolor sit amet, consectetur adipiscing elit. H3 orem ipsum dolor sit amet, consectetur adipiscing elit. . H4 orem ipsum dolor sit amet, consectetur adipiscing elit. . H5 orem ipsum dolor sit amet, consectetur adipiscing elit. H6 orem ipsum dolor sit amet, consectetur adipiscing&hellip;&nbsp;Leer m\u00e1s &raquo;El d\u00eda despu\u00e9s para los refugiados ucranianos: \u00abMuchos no tendr\u00e1n adonde volver. Sus casas fueron bombardeadas\u00bb","og_url":"https:\/\/www.asociacioninfanciaydesarrollo.com\/noticias\/el-dia-despues-para-los-refugiados-ucranianos-muchos-no-tendran-adonde-volver-sus-casas-fueron-bombardeadas\/","og_site_name":"Asociaci\u00f3n Infancia y Desarrollo","article_published_time":"2022-04-07T08:54:12+00:00","article_modified_time":"2022-04-08T10:32:53+00:00","og_image":[{"width":656,"height":370,"url":"https:\/\/www.asociacioninfanciaydesarrollo.com\/noticias\/wp-content\/uploads\/2022\/04\/vuelve-el-convoy-de-refugiados-ucranianos.jpg","type":"image\/jpeg"}],"twitter_card":"summary_large_image","twitter_misc":{"Escrito por":"Asocinfdes","Tiempo de lectura":"1 minuto"},"schema":{"@context":"https:\/\/schema.org","@graph":[{"@type":"WebSite","@id":"https:\/\/www.asociacioninfanciaydesarrollo.com\/noticias\/#website","url":"https:\/\/www.asociacioninfanciaydesarrollo.com\/noticias\/","name":"Asociaci\u00f3n Infancia y Desarrollo","description":"","potentialAction":[{"@type":"SearchAction","target":{"@type":"EntryPoint","urlTemplate":"https:\/\/www.asociacioninfanciaydesarrollo.com\/noticias\/?s={search_term_string}"},"query-input":"required name=search_term_string"}],"inLanguage":"es"},{"@type":"ImageObject","@id":"https:\/\/www.asociacioninfanciaydesarrollo.com\/noticias\/el-dia-despues-para-los-refugiados-ucranianos-muchos-no-tendran-adonde-volver-sus-casas-fueron-bombardeadas\/#primaryimage","inLanguage":"es","url":"https:\/\/www.asociacioninfanciaydesarrollo.com\/noticias\/wp-content\/uploads\/2022\/04\/vuelve-el-convoy-de-refugiados-ucranianos.jpg","contentUrl":"https:\/\/www.asociacioninfanciaydesarrollo.com\/noticias\/wp-content\/uploads\/2022\/04\/vuelve-el-convoy-de-refugiados-ucranianos.jpg","width":656,"height":370},{"@type":"WebPage","@id":"https:\/\/www.asociacioninfanciaydesarrollo.com\/noticias\/el-dia-despues-para-los-refugiados-ucranianos-muchos-no-tendran-adonde-volver-sus-casas-fueron-bombardeadas\/#webpage","url":"https:\/\/www.asociacioninfanciaydesarrollo.com\/noticias\/el-dia-despues-para-los-refugiados-ucranianos-muchos-no-tendran-adonde-volver-sus-casas-fueron-bombardeadas\/","name":"El d\u00eda despu\u00e9s para los refugiados ucranianos: \"Muchos no tendr\u00e1n adonde volver. Sus casas fueron bombardeadas\" - Asociaci\u00f3n Infancia y Desarrollo","isPartOf":{"@id":"https:\/\/www.asociacioninfanciaydesarrollo.com\/noticias\/#website"},"primaryImageOfPage":{"@id":"https:\/\/www.asociacioninfanciaydesarrollo.com\/noticias\/el-dia-despues-para-los-refugiados-ucranianos-muchos-no-tendran-adonde-volver-sus-casas-fueron-bombardeadas\/#primaryimage"},"datePublished":"2022-04-07T08:54:12+00:00","dateModified":"2022-04-08T10:32:53+00:00","author":{"@id":"https:\/\/www.asociacioninfanciaydesarrollo.com\/noticias\/#\/schema\/person\/38cff25f21781c27a45f82d0bcee717b"},"breadcrumb":{"@id":"https:\/\/www.asociacioninfanciaydesarrollo.com\/noticias\/el-dia-despues-para-los-refugiados-ucranianos-muchos-no-tendran-adonde-volver-sus-casas-fueron-bombardeadas\/#breadcrumb"},"inLanguage":"es","potentialAction":[{"@type":"ReadAction","target":["https:\/\/www.asociacioninfanciaydesarrollo.com\/noticias\/el-dia-despues-para-los-refugiados-ucranianos-muchos-no-tendran-adonde-volver-sus-casas-fueron-bombardeadas\/"]}]},{"@type":"BreadcrumbList","@id":"https:\/\/www.asociacioninfanciaydesarrollo.com\/noticias\/el-dia-despues-para-los-refugiados-ucranianos-muchos-no-tendran-adonde-volver-sus-casas-fueron-bombardeadas\/#breadcrumb","itemListElement":[{"@type":"ListItem","position":1,"name":"Portada","item":"https:\/\/www.asociacioninfanciaydesarrollo.com\/noticias\/"},{"@type":"ListItem","position":2,"name":"El d\u00eda despu\u00e9s para los refugiados ucranianos: \u00abMuchos no tendr\u00e1n adonde volver. Sus casas fueron bombardeadas\u00bb"}]},{"@type":"Person","@id":"https:\/\/www.asociacioninfanciaydesarrollo.com\/noticias\/#\/schema\/person\/38cff25f21781c27a45f82d0bcee717b","name":"Asocinfdes","image":{"@type":"ImageObject","@id":"https:\/\/www.asociacioninfanciaydesarrollo.com\/noticias\/#personlogo","inLanguage":"es","url":"https:\/\/secure.gravatar.com\/avatar\/9f333581f8a146973ad89189215882dc4cd2f764a22ca8d77902e8e45045acc8?s=96&d=mm&r=g","contentUrl":"https:\/\/secure.gravatar.com\/avatar\/9f333581f8a146973ad89189215882dc4cd2f764a22ca8d77902e8e45045acc8?s=96&d=mm&r=g","caption":"Asocinfdes"},"sameAs":["https:\/\/www.asociacioninfanciaydesarrollo.com\/noticias"],"url":"https:\/\/www.asociacioninfanciaydesarrollo.com\/noticias\/author\/asocinfdes\/"}]}},"uagb_featured_image_src":{"full":["https:\/\/www.asociacioninfanciaydesarrollo.com\/noticias\/wp-content\/uploads\/2022\/04\/vuelve-el-convoy-de-refugiados-ucranianos.jpg",656,370,false],"thumbnail":["https:\/\/www.asociacioninfanciaydesarrollo.com\/noticias\/wp-content\/uploads\/2022\/04\/vuelve-el-convoy-de-refugiados-ucranianos-150x150.jpg",150,150,true],"medium":["https:\/\/www.asociacioninfanciaydesarrollo.com\/noticias\/wp-content\/uploads\/2022\/04\/vuelve-el-convoy-de-refugiados-ucranianos-300x169.jpg",300,169,true],"medium_large":["https:\/\/www.asociacioninfanciaydesarrollo.com\/noticias\/wp-content\/uploads\/2022\/04\/vuelve-el-convoy-de-refugiados-ucranianos.jpg",656,370,false],"large":["https:\/\/www.asociacioninfanciaydesarrollo.com\/noticias\/wp-content\/uploads\/2022\/04\/vuelve-el-convoy-de-refugiados-ucranianos.jpg",656,370,false],"1536x1536":["https:\/\/www.asociacioninfanciaydesarrollo.com\/noticias\/wp-content\/uploads\/2022\/04\/vuelve-el-convoy-de-refugiados-ucranianos.jpg",656,370,false],"2048x2048":["https:\/\/www.asociacioninfanciaydesarrollo.com\/noticias\/wp-content\/uploads\/2022\/04\/vuelve-el-convoy-de-refugiados-ucranianos.jpg",656,370,false],"neve-blog":["https:\/\/www.asociacioninfanciaydesarrollo.com\/noticias\/wp-content\/uploads\/2022\/04\/vuelve-el-convoy-de-refugiados-ucranianos.jpg",656,370,false],"sow-carousel-default":["https:\/\/www.asociacioninfanciaydesarrollo.com\/noticias\/wp-content\/uploads\/2022\/04\/vuelve-el-convoy-de-refugiados-ucranianos.jpg",272,153,false]},"uagb_author_info":{"display_name":"Asocinfdes","author_link":"https:\/\/www.asociacioninfanciaydesarrollo.com\/noticias\/author\/asocinfdes\/"},"uagb_comment_info":0,"uagb_excerpt":"H1 orem ipsum dolor sit amet, consectetur adipiscing elit. H2 orem ipsum dolor sit amet, consectetur adipiscing elit. H3 orem ipsum dolor sit amet, consectetur adipiscing elit. . H4 orem ipsum dolor sit amet, consectetur adipiscing elit. . H5 orem ipsum dolor sit amet, consectetur adipiscing elit. H6 orem ipsum dolor sit amet, consectetur adipiscing&hellip;&nbsp;Leer&hellip;","_links":{"self":[{"href":"https:\/\/www.asociacioninfanciaydesarrollo.com\/noticias\/wp-json\/wp\/v2\/posts\/219","targetHints":{"allow":["GET"]}}],"collection":[{"href":"https:\/\/www.asociacioninfanciaydesarrollo.com\/noticias\/wp-json\/wp\/v2\/posts"}],"about":[{"href":"https:\/\/www.asociacioninfanciaydesarrollo.com\/noticias\/wp-json\/wp\/v2\/types\/post"}],"author":[{"embeddable":true,"href":"https:\/\/www.asociacioninfanciaydesarrollo.com\/noticias\/wp-json\/wp\/v2\/users\/1"}],"replies":[{"embeddable":true,"href":"https:\/\/www.asociacioninfanciaydesarrollo.com\/noticias\/wp-json\/wp\/v2\/comments?post=219"}],"version-history":[{"count":4,"href":"https:\/\/www.asociacioninfanciaydesarrollo.com\/noticias\/wp-json\/wp\/v2\/posts\/219\/revisions"}],"predecessor-version":[{"id":335,"href":"https:\/\/www.asociacioninfanciaydesarrollo.com\/noticias\/wp-json\/wp\/v2\/posts\/219\/revisions\/335"}],"wp:featuredmedia":[{"embeddable":true,"href":"https:\/\/www.asociacioninfanciaydesarrollo.com\/noticias\/wp-json\/wp\/v2\/media\/220"}],"wp:attachment":[{"href":"https:\/\/www.asociacioninfanciaydesarrollo.com\/noticias\/wp-json\/wp\/v2\/media?parent=219"}],"wp:term":[{"taxonomy":"category","embeddable":true,"href":"https:\/\/www.asociacioninfanciaydesarrollo.com\/noticias\/wp-json\/wp\/v2\/categories?post=219"},{"taxonomy":"post_tag","embeddable":true,"href":"https:\/\/www.asociacioninfanciaydesarrollo.com\/noticias\/wp-json\/wp\/v2\/tags?post=219"}],"curies":[{"name":"wp","href":"https:\/\/api.w.org\/{rel}","templated":true}]}}